{"id":738,"date":"2026-07-16T08:03:27","date_gmt":"2026-07-16T06:03:27","guid":{"rendered":"https:\/\/europeo2016.it\/index.php\/2026\/07\/16\/nazionali-multietniche-il-verdetto-di-rajoy-e-lo-specchio-deformato-del-calcio-moderno\/"},"modified":"2026-07-16T08:03:27","modified_gmt":"2026-07-16T06:03:27","slug":"nazionali-multietniche-il-verdetto-di-rajoy-e-lo-specchio-deformato-del-calcio-moderno","status":"publish","type":"post","link":"https:\/\/europeo2016.it\/index.php\/2026\/07\/16\/nazionali-multietniche-il-verdetto-di-rajoy-e-lo-specchio-deformato-del-calcio-moderno\/","title":{"rendered":"Nazionali Multietniche: Il Verdetto di Rajoy e lo Specchio (Deformato) del Calcio Moderno"},"content":{"rendered":"<p>Le parole, si sa, hanno un peso. E quando a pronunciarle \u00e8 un ex capo di stato, anche a distanza di tempo, il loro eco pu\u00f2 generare una reazione a catena. Le recenti dichiarazioni di Mariano Rajoy sulla nazionale francese, secondo cui &#8220;non ci sono giocatori francesi&#8221;, hanno riacceso un dibattito antico quanto il calcio moderno: quello sull&#8217;identit\u00e0 nazionale in un contesto sportivo sempre pi\u00f9 globalizzato. La risposta di Parigi, che ha bollato le affermazioni come &#8220;razziste&#8221;, evidenzia la sensibilit\u00e0 e la complessit\u00e0 di una questione che valica i confini del campo da gioco.<\/p>\n<p>Analizzare la frase di Rajoy significa non solo condannarne la superficialit\u00e0 e, s\u00ec, la connotazione xenofoba, ma anche comprendere quale meccanismo mentale si attivi nel percezione di una squadra nazionale. Cosa significa, oggi, essere &#8220;francese&#8221; o &#8220;italiano&#8221; in maglia azzurra o bleu? La narrazione storica, figlia spesso di una visione romantica e un po&#8217; anacronistica, vedrebbe il calciatore come puro prodotto della terra natia, senza contaminazioni. Eppure, la realt\u00e0 \u00e8 ben diversa, e lo \u00e8 da decenni.<\/p>\n<p>La nazionale francese, vincitrice del Mondiale 2018 e vice campione del mondo nel 2022, \u00e8 l&#8217;emblema di questa realt\u00e0 multietnica. Guardando la rosa, \u00e8 indubbio che molti dei suoi talenti abbiano origini africane o delle Antille. Kylian Mbapp\u00e9, N&#8217;Golo Kant\u00e9, Ousmane Demb\u00e9l\u00e9, e potremmo continuare la lista, sono tutti cittadini francesi a tutti gli effetti, nati e cresciuti in Francia, spesso formati nelle accademie calcistiche del paese. Hanno scelto, con il cuore e con le regole FIFA, di rappresentare la Francia. Definirli &#8220;non francesi&#8221; significa ignorare la loro storia personale, la loro cittadinanza e, in ultima analisi, sminuire il loro senso di appartenenza.<\/p>\n<h2>L&#8217;Italia e lo Stesso Dibattito (Sottotraccia)<\/h2>\n<p>Non pensiamo che questo dibattito sia solo francese. Anche in Italia, la questione identitaria emerge periodicamente, seppur con toni meno eclatanti. Quante volte abbiamo sentito commenti (magari non pubblici, ma nei bar o sui social) su giocatori che, pur avendo acquisito la cittadinanza italiana e difendendo con onore la maglia azzurra, vengono ancora etichettati come &#8220;oriundi&#8221; o &#8220;stranieri&#8221;? Dalla &#8220;valigia di cartone&#8221; di Sivori, all&#8217;oriundo Italo-argentino, Italo-brasiliano, Italo-peruviano, il dibattito si ripropone. Il caso di giocatori come Jorginho o Emerson Palmieri, brasiliani di nascita ma pilastri della nostra Nazionale vincitrice dell&#8217;Europeo 2020, ne \u00e8 un esempio lampante. Sono profondamente integrati nel calcio italiano, vivono e lavorano qui da anni, hanno scelto di rappresentare i colori azzurri. Mettere in discussione la loro &#8220;italianit\u00e0&#8221; in campo \u00e8 un esercizio sterile e controproducente.<\/p>\n<p>Il calcio, in questo senso, \u00e8 un microcosmo della societ\u00e0 globalizzata. I flussi migratori, la mescolanza di culture e la permeabilit\u00e0 dei confini nazionali sono processi inarrestabili. Le nazionali di calcio sono il riflesso di questi cambiamenti, mostrando al mondo un volto composito e dinamico. Pretendere purismo etnico significa voler fermare il tempo, negare l&#8217;evoluzione sociale e sportiva.<\/p>\n<p>Le parole di Rajoy non sono solo un&#8217;offesa alla nazionale francese, ma un attacco ai valori di inclusione e meritocrazia che dovrebbero essere alla base dello sport. In un mondo in cui il talento non ha passaporto, e la passione per un colore o una bandiera pu\u00f2 nascere indipendentemente dal luogo di nascita dei propri avi, liquidare un calciatore con un&#8217;etichetta cos\u00ec riduttiva \u00e8 miope. Il campo da gioco \u00e8 l&#8217;arena in cui si esprimono le abilit\u00e0, la dedizione e lo spirito di squadra. E se un calciatore, indipendentemente dalle sue origini, sceglie di dare il massimo per la maglia che indossa, allora \u00e8 pienamente meritevole di rappresentare quella nazione. Tutto il resto \u00e8 un rumore di fondo che distrae dalla bellezza e dall&#8217;essenza del gioco.<\/p>\n","protected":false},"excerpt":{"rendered":"<p>Le parole, si sa, hanno un peso. E quando a pronunciarle \u00e8 un ex capo di stato, anche a distanza di tempo, il loro eco pu\u00f2 generare una reazione a catena. Le recenti dichiarazioni di Mariano Rajoy sulla nazionale francese, secondo cui &#8220;non ci sono giocatori francesi&#8221;, hanno riacceso un dibattito antico quanto il calcio [&hellip;]<\/p>\n","protected":false},"author":1,"featured_media":0,"comment_status":"open","ping_status":"open","sticky":false,"template":"","format":"standard","meta":{"footnotes":""},"categories":[1],"tags":[],"class_list":["post-738","post","type-post","status-publish","format-standard","hentry","category-senza-categoria"],"_links":{"self":[{"href":"https:\/\/europeo2016.it\/index.php\/wp-json\/wp\/v2\/posts\/738","targetHints":{"allow":["GET"]}}],"collection":[{"href":"https:\/\/europeo2016.it\/index.php\/wp-json\/wp\/v2\/posts"}],"about":[{"href":"https:\/\/europeo2016.it\/index.php\/wp-json\/wp\/v2\/types\/post"}],"author":[{"embeddable":true,"href":"https:\/\/europeo2016.it\/index.php\/wp-json\/wp\/v2\/users\/1"}],"replies":[{"embeddable":true,"href":"https:\/\/europeo2016.it\/index.php\/wp-json\/wp\/v2\/comments?post=738"}],"version-history":[{"count":0,"href":"https:\/\/europeo2016.it\/index.php\/wp-json\/wp\/v2\/posts\/738\/revisions"}],"wp:attachment":[{"href":"https:\/\/europeo2016.it\/index.php\/wp-json\/wp\/v2\/media?parent=738"}],"wp:term":[{"taxonomy":"category","embeddable":true,"href":"https:\/\/europeo2016.it\/index.php\/wp-json\/wp\/v2\/categories?post=738"},{"taxonomy":"post_tag","embeddable":true,"href":"https:\/\/europeo2016.it\/index.php\/wp-json\/wp\/v2\/tags?post=738"}],"curies":[{"name":"wp","href":"https:\/\/api.w.org\/{rel}","templated":true}]}}