{"id":753,"date":"2026-08-30T08:03:08","date_gmt":"2026-08-30T06:03:08","guid":{"rendered":"https:\/\/europeo2016.it\/index.php\/2026\/08\/30\/doumbia-e-zoma-litalia-di-mancini-scommette-sul-futuro-ma-con-cautela\/"},"modified":"2026-08-30T08:03:08","modified_gmt":"2026-08-30T06:03:08","slug":"doumbia-e-zoma-litalia-di-mancini-scommette-sul-futuro-ma-con-cautela","status":"publish","type":"post","link":"https:\/\/europeo2016.it\/index.php\/2026\/08\/30\/doumbia-e-zoma-litalia-di-mancini-scommette-sul-futuro-ma-con-cautela\/","title":{"rendered":"Doumbia e Zoma: l&#8217;Italia di Mancini scommette sul futuro, ma con cautela"},"content":{"rendered":"<p>Il calcio italiano \u00e8 in perenne fermento, e la Nazionale di Roberto Mancini ne \u00e8 un termometro fedele. La recente notizia del &#8220;preallertamento&#8221; di Issa Doumbia e Zoma, giovani talenti emergenti, ha riacceso il dibattito sulla politica di selezione e sul futuro degli Azzurri. Un\u2019indiscrezione che, sebbene non equivalga a una convocazione ufficiale, rivela l\u2019attenzione dello staff tecnico per profili inediti e promettenti. Ma cosa significa realmente per il calcio italiano e, in particolare, per la nostra Nazionale?<\/p>\n<p>Innanzitutto, \u00e8 fondamentale contestualizzare. Il termine &#8220;preallertato&#8221; non \u00e8 un vocabolo del linguaggio calcistico ufficiale, ma indica un approccio proattivo dello staff di Mancini. Significa che questi giocatori sono stati inseriti in una lista di monitoraggio pi\u00f9 stretta, potenzialmente chiamati a Coverciano per future valutazioni, stage o, nel caso di defezioni improvvise, anche per una convocazione last minute. \u00c8 un segnale forte: la Nazionale guarda oltre i soliti nomi e cerca attivamente linfa nuova, anche in contesti meno blasonati.<\/p>\n<p>Issa Doumbia, difensore centrale di grande fisicit\u00e0 e prospettiva, e Zoma, attaccante esterno rapido e tecnico, rappresentano proprio questo: una potenziale ventata d\u2019aria fresca. La loro possibile inclusione, seppur embrionale, nella sfera Azzurra, testimonia la volont\u00e0 di Mancini di non fossilizzarsi, di esplorare a 360 gradi il panorama calcistico italiano e, perch\u00e9 no, anche quello estero, laddove ci siano radici italiane o le condizioni per una potenziale eleggibilit\u00e0. \u00c8 un modus operandi che ha gi\u00e0 caratterizzato la gestione del Mancio, basti pensare alle convocazioni di giocatori come Wilfried Gnonto, o alle diverse chiamate per stage dedicati a giovani talenti. L&#8217;obiettivo \u00e8 chiaro: costruire un gruppo solido e lungimirante, che possa garantire un ricambio generazionale efficace e mantenere alta la competitivit\u00e0.<\/p>\n<h2>Il valore strategico delle &#8220;convocazioni ombra&#8221;<\/h2>\n<p>Queste &#8220;convocazioni ombra&#8221; o preallertamenti non sono solo un contentino per i giocatori o un esercizio di stile. Hanno un valore strategico intrinseco. Permettono allo staff tecnico di allargare la base di osservazione, di testare dal vivo le capacit\u00e0 di questi giovani in un contesto di alto livello, quale quello di Coverciano. \u00c8 un modo per valutarne non solo le qualit\u00e0 tecniche e atletiche, ma anche la personalit\u00e0, la capacit\u00e0 di adattamento e la maturit\u00e0 mentale, elementi cruciali per chi veste la maglia della Nazionale. Inoltre, per i giocatori stessi, ricevere un segnale del genere \u00e8 un&#8217;iniezione di fiducia enorme, uno stimolo a lavorare ancora pi\u00f9 duramente per cogliere un&#8217;opportunit\u00e0 che potrebbe cambiare le loro carriere.<\/p>\n<p>Certo, la strada per una convocazione ufficiale e stabile \u00e8 ancora lunga e piena di ostacoli. Il calcio italiano \u00e8 competitivo e le posizioni in Nazionale si guadagnano sul campo, con prestazioni costanti e di alto livello. Doumbia e Zoma dovranno dimostrare di saper reggere la pressione, di migliorare continuamente e di essere all&#8217;altezza delle aspettative. Ma il solo fatto di essere stati notati e preallertati \u00e8 gi\u00e0 un piccolo successo, un riconoscimento del loro percorso e delle loro potenzialit\u00e0.<\/p>\n<p>Per noi, redattori e appassionati di calcio, questa notizia \u00e8 un segnale incoraggiante. Dimostra che la Nazionale non \u00e8 un circuito chiuso, ma un organismo dinamico, sempre alla ricerca del talento, ovunque esso si trovi. \u00c8 la prova che il lavoro di scouting \u00e8 capillare e che c&#8217;\u00e8 una visione a lungo termine che va oltre la prossima partita o il prossimo torneo. Resta da vedere se Doumbia, Zoma e gli altri giovani monitorati riusciranno a trasformare questa opportunit\u00e0 in realt\u00e0, scrivendo un nuovo capitolo nella storia degli Azzurri. Noi, come sempre, saremo qui a raccontarvelo.<\/p>\n","protected":false},"excerpt":{"rendered":"<p>Il calcio italiano \u00e8 in perenne fermento, e la Nazionale di Roberto Mancini ne \u00e8 un termometro fedele. La recente notizia del &#8220;preallertamento&#8221; di Issa Doumbia e Zoma, giovani talenti emergenti, ha riacceso il dibattito sulla politica di selezione e sul futuro degli Azzurri. Un\u2019indiscrezione che, sebbene non equivalga a una convocazione ufficiale, rivela l\u2019attenzione [&hellip;]<\/p>\n","protected":false},"author":1,"featured_media":0,"comment_status":"open","ping_status":"open","sticky":false,"template":"","format":"standard","meta":{"footnotes":""},"categories":[1],"tags":[],"class_list":["post-753","post","type-post","status-publish","format-standard","hentry","category-senza-categoria"],"_links":{"self":[{"href":"https:\/\/europeo2016.it\/index.php\/wp-json\/wp\/v2\/posts\/753","targetHints":{"allow":["GET"]}}],"collection":[{"href":"https:\/\/europeo2016.it\/index.php\/wp-json\/wp\/v2\/posts"}],"about":[{"href":"https:\/\/europeo2016.it\/index.php\/wp-json\/wp\/v2\/types\/post"}],"author":[{"embeddable":true,"href":"https:\/\/europeo2016.it\/index.php\/wp-json\/wp\/v2\/users\/1"}],"replies":[{"embeddable":true,"href":"https:\/\/europeo2016.it\/index.php\/wp-json\/wp\/v2\/comments?post=753"}],"version-history":[{"count":0,"href":"https:\/\/europeo2016.it\/index.php\/wp-json\/wp\/v2\/posts\/753\/revisions"}],"wp:attachment":[{"href":"https:\/\/europeo2016.it\/index.php\/wp-json\/wp\/v2\/media?parent=753"}],"wp:term":[{"taxonomy":"category","embeddable":true,"href":"https:\/\/europeo2016.it\/index.php\/wp-json\/wp\/v2\/categories?post=753"},{"taxonomy":"post_tag","embeddable":true,"href":"https:\/\/europeo2016.it\/index.php\/wp-json\/wp\/v2\/tags?post=753"}],"curies":[{"name":"wp","href":"https:\/\/api.w.org\/{rel}","templated":true}]}}