{"id":754,"date":"2026-09-03T08:03:21","date_gmt":"2026-09-03T06:03:21","guid":{"rendered":"https:\/\/europeo2016.it\/index.php\/2026\/09\/03\/mancini-larabia-e-il-fantasma-azzurro-unanalisi-a-un-anno-dal-tradimento\/"},"modified":"2026-09-03T08:03:21","modified_gmt":"2026-09-03T06:03:21","slug":"mancini-larabia-e-il-fantasma-azzurro-unanalisi-a-un-anno-dal-tradimento","status":"publish","type":"post","link":"https:\/\/europeo2016.it\/index.php\/2026\/09\/03\/mancini-larabia-e-il-fantasma-azzurro-unanalisi-a-un-anno-dal-tradimento\/","title":{"rendered":"Mancini, l&#8217;Arabia e il fantasma azzurro: un&#8217;analisi a un anno dal &#8220;tradimento&#8221;"},"content":{"rendered":"<p>Le parole recenti di Roberto Mancini sulla sua nuova avventura alla guida della Nazionale saudita riaccendono inevitabilmente un dibattito mai sopito in Italia. A quasi un anno dal suo repentino addio agli Azzurri, la sua figura continua a dividere, e ogni sua dichiarazione viene scandagliata con attenzione, quasi a cercare una spiegazione definitiva a quella che molti hanno etichettato come una vera e propria fuga. Ma al di l\u00e0 delle recriminazioni, \u00e8 utile analizzare cosa comportano le sue affermazioni e quale eredit\u00e0 lascia il suo passaggio in Italia.<\/p>\n<p>Mancini parla di una &#8220;nuova sfida&#8221;, di un &#8220;progetto stimolante&#8221;, di un calcio da far crescere in un paese che investe enormemente nello sport. Da un punto di vista professionale, la sua scelta \u00e8 ineccepibile. L&#8217;Arabia Saudita rappresenta un mercato emergente, con risorse economiche quasi illimitate e ambizioni che vanno ben oltre il campo da gioco. Per un allenatore di caratura internazionale, confrontarsi con una realt\u00e0 cos\u00ec dinamica pu\u00f2 essere intrigante e remunerativo. E in fondo, il calcio \u00e8 anche questo: professionismo, nuove opportunit\u00e0, ricerca di stimoli differenti.<\/p>\n<h2>Il peso della Nazionale e il &#8220;tradimento&#8221; percepito<\/h2>\n<p>Tuttavia, il discorso si fa pi\u00f9 complesso quando si tratta della Nazionale italiana. Per un commissario tecnico, la panchina azzurra non \u00e8 un ruolo come gli altri. \u00c8 una responsabilit\u00e0 che va oltre il mero aspetto sportivo, toccando corde profonde dell&#8217;identit\u00e0 nazionale. Mancini lo sapeva bene, e il suo trionfo a Euro 2020 lo aveva innalzato a eroe, simbolo di rinascita dopo la dolorosa assenza dai Mondiali del 2018. Proprio per questo, il suo addio improvviso, a pochi giorni dall&#8217;inizio delle qualificazioni per Euro 2024 e dopo aver richiesto ampi poteri sulla struttura del settore giovanile, \u00e8 stato percepito da molti come un tradimento.<\/p>\n<p>Le sue giustificazioni, spesso generiche o basate su presunte incomprensioni con la Federazione, non hanno mai del tutto convinto l&#8217;opinione pubblica. E oggi, sentirlo parlare con entusiasmo della sua nuova missione, per quanto legittimo, riapre ferite non ancora rimarginate. La domanda implicita che molti si pongono \u00e8: &#8220;Perch\u00e9 non con l&#8217;Italia?&#8221;. Le risposte possono essere molteplici: la frustrazione per la mancata qualificazione ai Mondiali 2022, la percezione di un ambiente meno stimolante, o semplicemente la classica &#8220;offerta irrinunciabile&#8221;.<\/p>\n<p>Dall&#8217;altro lato, la vicenda Mancini ha anche evidenziato la fragilit\u00e0 di certi legami nel calcio moderno. Un allenatore, per quanto legato a una maglia o a un paese, rimane un professionista che valuta opportunit\u00e0 e prospettive. Il romanticismo, spesso, si scontra con la realt\u00e0 degli ingaggi milionari e dei progetti a lungo termine offerti da federazioni emergenti. Questo non giustifica il modo in cui \u00e8 avvenuto il distacco, ma aiuta a contestualizzarlo in un panorama calcistico globale sempre pi\u00f9 fluido.<\/p>\n<p>Per la Nazionale italiana, l&#8217;eredit\u00e0 di Mancini \u00e8 duplice. Da un lato, c&#8217;\u00e8 il ricordo indelebile di un trionfo europeo che ha regalato gioia e speranza. Dall&#8217;altro, una gestione del post-Euro 2020 che ha lasciato l&#8217;amaro in bocca e un passaggio di consegne turbolento. Luciano Spalletti ha ora il compito di raccogliere i cocci e costruire una nuova identit\u00e0, cercando di far dimenticare il passato e di proiettare gli Azzurri verso un futuro di successi. Le parole di Mancini, oggi, suonano come un eco lontano, un promemoria di un capitolo chiuso, ma non del tutto archiviato, nella storia recente della nostra Nazionale.<\/p>\n","protected":false},"excerpt":{"rendered":"<p>Le parole recenti di Roberto Mancini sulla sua nuova avventura alla guida della Nazionale saudita riaccendono inevitabilmente un dibattito mai sopito in Italia. A quasi un anno dal suo repentino addio agli Azzurri, la sua figura continua a dividere, e ogni sua dichiarazione viene scandagliata con attenzione, quasi a cercare una spiegazione definitiva a quella [&hellip;]<\/p>\n","protected":false},"author":1,"featured_media":0,"comment_status":"open","ping_status":"open","sticky":false,"template":"","format":"standard","meta":{"footnotes":""},"categories":[1],"tags":[],"class_list":["post-754","post","type-post","status-publish","format-standard","hentry","category-senza-categoria"],"_links":{"self":[{"href":"https:\/\/europeo2016.it\/index.php\/wp-json\/wp\/v2\/posts\/754","targetHints":{"allow":["GET"]}}],"collection":[{"href":"https:\/\/europeo2016.it\/index.php\/wp-json\/wp\/v2\/posts"}],"about":[{"href":"https:\/\/europeo2016.it\/index.php\/wp-json\/wp\/v2\/types\/post"}],"author":[{"embeddable":true,"href":"https:\/\/europeo2016.it\/index.php\/wp-json\/wp\/v2\/users\/1"}],"replies":[{"embeddable":true,"href":"https:\/\/europeo2016.it\/index.php\/wp-json\/wp\/v2\/comments?post=754"}],"version-history":[{"count":0,"href":"https:\/\/europeo2016.it\/index.php\/wp-json\/wp\/v2\/posts\/754\/revisions"}],"wp:attachment":[{"href":"https:\/\/europeo2016.it\/index.php\/wp-json\/wp\/v2\/media?parent=754"}],"wp:term":[{"taxonomy":"category","embeddable":true,"href":"https:\/\/europeo2016.it\/index.php\/wp-json\/wp\/v2\/categories?post=754"},{"taxonomy":"post_tag","embeddable":true,"href":"https:\/\/europeo2016.it\/index.php\/wp-json\/wp\/v2\/tags?post=754"}],"curies":[{"name":"wp","href":"https:\/\/api.w.org\/{rel}","templated":true}]}}